{"id":42803,"date":"2025-05-22T00:15:59","date_gmt":"2025-05-22T00:15:59","guid":{"rendered":"https:\/\/www.entrepueblos.org\/?p=42803"},"modified":"2025-05-22T00:26:08","modified_gmt":"2025-05-22T00:26:08","slug":"cronica-desde-el-hika-ateneo","status":"publish","type":"post","link":"https:\/\/www.entrepueblos.org\/repositoriweb\/cronica-desde-el-hika-ateneo\/","title":{"rendered":"Cr\u00f3nica desde el Hika Ateneo: cuando los territorios hablan, el relato se mueve"},"content":{"rendered":"<h4><b>Cr\u00f3nica del acto p\u00fablico de la XXXVII Asamblea de Entrepueblos en Bilbao<\/b><\/h4>\n<p class=\"p1\"><em>Cuando los territorios \u2014y sus habitantes\u2014 hablan \u2014y se les escucha\u2014, el relato se transforma. Porque las transiciones justas no se decretan: se construyen desde abajo.<\/em><\/p>\n<h5>No todos los d\u00edas una sala en el centro de Bilbao se convierte en epicentro de narrativas inc\u00f3modas. El pasado s\u00e1bado 10 de mayo, el Hika Ateneo acogi\u00f3 un acto p\u00fablico tan necesario como urgente: una mesa de di\u00e1logo sobre <b>transiciones ecosociales justas<\/b>. Desde Brasil a Val\u00e8ncia, desde Catalu\u00f1a a Euskal Herria, cuatro voces abrieron grietas en el relato dominante. Y lo hicieron con cuerpo, con memoria, con propuestas y con rebeld\u00eda.<\/h5>\n<p>Breno Bringel habl\u00f3 de policrisis civilizatoria y de zonas de sacrificio en expansi\u00f3n. Empar Puchades convirti\u00f3 la denuncia clim\u00e1tica en herida colectiva: \u201cNo soy v\u00edctima de una DANA, soy v\u00edctima de un sistema que nos declar\u00f3 sacrificables hace d\u00e9cadas\u201d, dijo al recordar la tragedia del 29-O en Castellar-L&#8217;Oliveral, en la comarca valenciana de L\u2019Horta Sud. Natalia Riera teji\u00f3 esperanza desde las alianzas ecosociales feministas. Gorka Martija desenmascar\u00f3 los l\u00edmites del capitalismo verde digital: \u201cEstamos viendo un auge de antiderechos y una ofensiva contra la vida\u201d.<\/p>\n<p>Lo que pas\u00f3 all\u00ed no fue solo un acto institucional. Fue un ejercicio de memoria, una apuesta pol\u00edtica por hablar claro y una invitaci\u00f3n a imaginar futuros desde lo com\u00fan. Porque las transiciones, para ser justas, necesitan m\u00e1s que tecnolog\u00eda y fondos europeos: necesitan ra\u00edces, afectos y valent\u00eda.<\/p>\n<p><img loading=\"lazy\" decoding=\"async\" class=\"alignleft wp-image-42913 size-large\" src=\"https:\/\/www.entrepueblos.org\/wp-content\/uploads\/2025\/05\/photo_2025-05-22-01.57.41-1030x773.jpeg\" alt=\"\" width=\"1030\" height=\"773\" srcset=\"https:\/\/www.entrepueblos.org\/repositoriweb\/wp-content\/uploads\/2025\/05\/photo_2025-05-22-01.57.41-1030x773.jpeg 1030w, https:\/\/www.entrepueblos.org\/repositoriweb\/wp-content\/uploads\/2025\/05\/photo_2025-05-22-01.57.41-300x225.jpeg 300w, https:\/\/www.entrepueblos.org\/repositoriweb\/wp-content\/uploads\/2025\/05\/photo_2025-05-22-01.57.41-768x576.jpeg 768w, https:\/\/www.entrepueblos.org\/repositoriweb\/wp-content\/uploads\/2025\/05\/photo_2025-05-22-01.57.41-705x529.jpeg 705w, https:\/\/www.entrepueblos.org\/repositoriweb\/wp-content\/uploads\/2025\/05\/photo_2025-05-22-01.57.41.jpeg 1280w\" sizes=\"auto, (max-width: 1030px) 100vw, 1030px\" \/><\/p>\n<p>Lee aqu\u00ed la <b>cr\u00f3nica completa del acto<\/b> y sum\u00e9rgete en un relato coral donde los territorios, por fin, tomaron la palabra.<\/p>\n<p><!--more--><\/p>\n<p><strong>Entrepueblos-Entrepobles-Entrepobos-Herriarte, 10 de mayo de 2025. <\/strong>En un mundo que se descompone a ritmo acelerado, hubo un mediod\u00eda en Bilbao en el que las palabras volvieron a ser refugio, semilla y revuelta. Fue en el coraz\u00f3n de Bilbao, en el Hika Ateneo, durante el acto p\u00fablico de la XXXVII Asamblea de Entrepueblos-Herriarte. No era un debate m\u00e1s. Era un espacio tejido con cuidado para pensar lo impensable: c\u00f3mo transitar \u2014desde abajo, desde el Sur, desde nuestras periferias\u2014 hacia modelos de vida justos en un orden global cada vez m\u00e1s distorsionado.<\/p>\n<p>Breno Bringel lo dijo sin rodeos: \u201cVivimos una policrisis civilizatoria. Y las soluciones que nos venden desde arriba no solo son insuficientes: est\u00e1n profundizando el colapso\u201d. Habl\u00f3 de caos como l\u00f3gica de \u00e9poca, de colonialismos verdes que avanzan bajo la coartada de la descarbonizaci\u00f3n, de zonas de sacrificio que ya no son solo en Am\u00e9rica Latina, sino tambi\u00e9n en las periferias de Europa.<\/p>\n<blockquote><p>Luego habl\u00f3 Empar Puchades, y el acto se volvi\u00f3 memoria. No habl\u00f3 de la DANA del 29-O como un desastre natural, sino como el s\u00edntoma de un modelo urbano que despoja, arrasa y olvida. Mostr\u00f3 fotos de su barrio arrasado, testimonios de expropiaciones, muertes, silencios. \u201cNo soy v\u00edctima de una DANA, soy v\u00edctima de un sistema que nos declar\u00f3 sacrificables hace d\u00e9cadas\u201d, dijo. Su voz era la de muchas.<\/p><\/blockquote>\n<p>Cuando Empar tom\u00f3 la palabra, la sala se transform\u00f3. Lo que hasta entonces hab\u00eda sido an\u00e1lisis y reflexi\u00f3n se convirti\u00f3 en relato encarnado, en denuncia con nombre, cuerpo y barrio. Empar no vino solo a hablar: vino a testimoniar. Y su voz se volvi\u00f3 contundente al evocar las heridas que arrastra el sur de Val\u00e8ncia desde hace d\u00e9cadas. \u00abYo soy hija de L\u2019Horta Sud, soy expropiada. Soy ind\u00edgena de L\u2019Horta de Val\u00e8ncia\u00bb, dijo al comenzar. Explic\u00f3 que no fue hasta a\u00f1os despu\u00e9s que comprendi\u00f3 el alcance de esa palabra \u2014ind\u00edgena\u2014 aplicada a su propio territorio. Porque s\u00ed, tambi\u00e9n aqu\u00ed hay pueblos despojados, expulsados de la tierra. Y tambi\u00e9n aqu\u00ed hay memoria silenciada.<\/p>\n<p>Mostr\u00f3 fotograf\u00edas: la casa de su infancia, el barrio de La Torreta, las huertas colectivas. \u00ab\u00c9ramos una comunidad de 75 u 80 familias, viv\u00edamos juntas, celebr\u00e1bamos juntas, cultiv\u00e1bamos juntas\u00bb, relat\u00f3. Su barrio ya no existe: fue arrasado por el Plan Sur, aquel proyecto de canalizaci\u00f3n del r\u00edo Turia que, tras la riada de 1957, sell\u00f3 el destino de la zona sur de Val\u00e8ncia. Un plan que \u2014seg\u00fan denunci\u00f3\u2014 no solo desvi\u00f3 un cauce, sino que institucionaliz\u00f3 un modelo de ciudad que considera al sur como zona de sacrificio.<\/p>\n<p>\u00abEl Plan Sur destruy\u00f3 miles de hect\u00e1reas de huerta productiva. Nos pagaron nuestras tierras al precio de terreno pantanoso. Y levantaron barreras que han agravado a\u00fan m\u00e1s las inundaciones\u00bb, explic\u00f3. Denunci\u00f3 que, a d\u00eda de hoy, el talud del r\u00edo tiene dos metros menos en la parte sur que en la norte, lo que condena a los barrios como el suyo a recibir el golpe del agua una y otra vez. Y as\u00ed lleg\u00f3 a la noche del 29 de octubre de 2024, la noche de la DANA.<\/p>\n<p>\u00abNo soy v\u00edctima de una DANA, soy v\u00edctima de un sistema que nos declar\u00f3 sacrificables hace d\u00e9cadas\u00bb, sentenci\u00f3. Describi\u00f3 la cat\u00e1strofe: 17 personas fallecieron en tres barrios. En el suyo, tres muertes que podr\u00edan haberse evitado con una gobernanza metropolitana que no existe. Explic\u00f3 c\u00f3mo muchas de las v\u00edctimas murieron dentro de sus propios hogares, sin poder escapar. Otras, buscando refugio en sus coches. \u00abNuestros hogares, esos lugares donde nos reconstruimos al final del d\u00eda, se volvieron trampas mortales\u00bb, dijo. \u00abY nadie avis\u00f3. Nadie estaba all\u00ed\u00bb.<\/p>\n<blockquote><p>Insisti\u00f3 en que la tragedia no fue una sorpresa: \u00abLlev\u00e1bamos tiempo alertando del riesgo. Sab\u00edamos que esto pod\u00eda pasar\u00bb. Pero tambi\u00e9n reconoci\u00f3 algo m\u00e1s profundo: \u00abEl sufrimiento y las muertes se incrementaron porque hemos perdido el v\u00ednculo con el territorio. Nos hemos desconectado de nuestro h\u00e1bitat\u00bb.<\/p><\/blockquote>\n<p>Tras el desastre, la comunidad se organiz\u00f3. Han surgido comit\u00e9s de reconstrucci\u00f3n, redes vecinales y nuevas alianzas con colectivos territoriales y la universidad. \u00abAhora trabajamos desde lo local, pero con mirada amplia. Queremos construir realidades posibles\u00bb, concluy\u00f3. Y con ese deseo compartido \u2014justicia, reparaci\u00f3n, futuro\u2014 Empar dej\u00f3 en la sala algo m\u00e1s que palabras: dej\u00f3 una herida abierta que interpela a todas.<\/p>\n<h4><b>De Catalu\u00f1a a Euskal Herria: voces que traman futuros<\/b><\/h4>\n<p>\u00abFormo parte del movimiento por una transici\u00f3n ecosocial feminista y justa. Y lo hago gracias a Entrepueblos, desde esa mirada global, desde esa mirada Norte\u2013Sur\u00bb. As\u00ed abri\u00f3 <strong>Natalia Riera<\/strong> su intervenci\u00f3n en el acto p\u00fablico del 10 de mayo, emocionada, tejiendo palabras desde la ra\u00edz.<\/p>\n<p>Habl\u00f3 de la <strong><em>Asamblea Catalana per les Transicions Ecosocials<\/em> <\/strong>como un proceso vivo, que agrupa a m\u00e1s de 400 colectivos, y que se inspira en el Pacto Ecosocial Intercultural del Sur. \u00abNo es una asamblea nueva, es fruto de un recorrido largo, que resurge con fuerza en 2018-2019, se reinventa tras la pandemia, y hoy camina hacia un pacto de pactos para Catalu\u00f1a\u00bb. Cuatro grandes ejes atraviesan ese horizonte: soberan\u00eda alimentaria, energ\u00eda, movilidad y cambio cultural. \u00abNosotras lo llamamos imaginar futuros pueblos. Escenarios posibles, concretos, deseables\u00bb.<\/p>\n<p>Pero el camino no es solo t\u00e9cnico o program\u00e1tico: es emocional, pol\u00edtico y profundamente colectivo.<\/p>\n<blockquote><p>\u00abNo podemos construir nada sin el pacto de cuidarnos. La justicia que queremos no puede ser sin feminismo, ni sin antirracismo, ni sin territorios en lucha. Necesitamos pactos desde lo com\u00fan, desde las diferencias, desde las alianzas inc\u00f3modas tambi\u00e9n\u00bb.<\/p><\/blockquote>\n<p>Y cerr\u00f3 con un gesto que reson\u00f3 en el espacio: \u00abParece una frase de pancarta, pero es vital: que la vida sea digna para todes\u00bb.<\/p>\n<p>Le sigui\u00f3 Gorka Martija, del Observatorio de Multinacionales en Am\u00e9rica Latina (OMAL\u2013Euskal Herria), que baj\u00f3 la mirada a lo concreto, con crudeza anal\u00edtica. Desgran\u00f3 el contexto vasco como una \u00abrealidad atrapada en una triple pinza\u00bb: crisis de acumulaci\u00f3n capitalista, terciarizaci\u00f3n de la econom\u00eda y dependencia energ\u00e9tica extrema. \u00abSomos un territorio industrial en decadencia, transnacionalizado y fosilista. Un 85 % de la energ\u00eda que consumimos en la CAV es importada, y el 80 %, f\u00f3sil\u00bb.<\/p>\n<p>Frente a ese escenario, desvel\u00f3 la agenda institucional dominante: \u00abUn capitalismo verde oliva y digital que apuesta por m\u00e1s coche el\u00e9ctrico, m\u00e1s hidr\u00f3geno con Petronor y m\u00e1s e\u00f3lica industrial. Tambi\u00e9n, y no lo olvidemos, m\u00e1s gasto militar. Porque en Euskadi se est\u00e1 apostando por el sector armament\u00edstico como nueva salida econ\u00f3mica\u00bb.<\/p>\n<blockquote><p>Pero tambi\u00e9n habl\u00f3 de resistencias. De alternativas que ya existen, que \u00abse est\u00e1n dando a peque\u00f1a escala, pero que pueden multiplicarse\u00bb. Record\u00f3 el plan de reconversi\u00f3n ecosocial que impulsaron las trabajadoras de <em>Mecaner<\/em>, frente al cierre de la planta. \u00abEse fue un intento real de articular transiciones desde abajo, desde la clase trabajadora, desde el territorio\u00bb.<\/p><\/blockquote>\n<p>Y cerr\u00f3 su intervenci\u00f3n con una advertencia y una esperanza: \u00abEstamos viendo un auge de antiderechos y una ofensiva contra la vida. Por eso es urgente visibilizar las experiencias que ya est\u00e1n construyendo otra cosa. Este no es solo el futuro: es el presente. Y hay que hacerlo visible ahora\u00bb.<\/p>\n<h4><b>\u00bfQu\u00e9 transici\u00f3n y para qui\u00e9n?<\/b><\/h4>\n<p>\u201cEstamos en una situaci\u00f3n muy conflictiva dentro de la izquierda\u201d, reconoci\u00f3 Gorka Martija. Su intervenci\u00f3n no fue una ponencia al uso, sino un recorrido afilado y autoconsciente por los dilemas estrat\u00e9gicos de la transici\u00f3n ecol\u00f3gica. De un lado, explic\u00f3, el paradigma neokeynesiano del Green New Deal propone que el Estado tome el tim\u00f3n con grandes inversiones para descarbonizar la econom\u00eda. Pero del otro, hay plataformas comunitarias, especialmente en territorios como Araba, que resisten una transici\u00f3n \u201cverde\u201d impuesta, sin participaci\u00f3n real ni cambio de modelo.<\/p>\n<p>Martija fue claro: \u201cNos alineamos con una visi\u00f3n m\u00e1s anticapitalista, que priorice la desmercantilizaci\u00f3n y rompa con las l\u00f3gicas corporativas\u201d. Sin romanticismos, advirti\u00f3 tambi\u00e9n de los l\u00edmites de esta agenda: \u201cNadie tiene una varita m\u00e1gica y nada es absoluto\u201d.<\/p>\n<p>Despu\u00e9s lleg\u00f3 el turno de las preguntas. \u201c\u00bfQu\u00e9 alternativas tenemos realmente en Euskadi para la autosuficiencia energ\u00e9tica?\u201d, lanz\u00f3 una de las personas asistentes. Otra a\u00f1adi\u00f3 una dimensi\u00f3n apenas visible a\u00fan en los debates verdes: la huella del mundo digital. \u201cCada pregunta que le haces al ChatGPT equivale a un vaso de agua en consumo energ\u00e9tico. \u00bfSomos conscientes de lo que hay detr\u00e1s del \u2018streaming\u2019?\u201d<\/p>\n<p>Martija recogi\u00f3 el guante. Reconoci\u00f3 que \u201cla transici\u00f3n digital y la transici\u00f3n verde van de la mano del capital\u201d, y que por eso es necesario visibilizar sus costes ocultos. \u201cSpotify tambi\u00e9n consume\u201d, dijo alguien del p\u00fablico, \u201cy mucho\u201d.<\/p>\n<blockquote><p>\u201cEl norte global tambi\u00e9n tiene que descolonizarse\u201d, sentenci\u00f3. \u201cY eso empieza por mirar hacia dentro, cuestionar nuestros propios consumos y poner el foco en qui\u00e9n paga el precio de esta transici\u00f3n\u201d.<\/p><\/blockquote>\n<p>Antes de cerrar, Martija comparti\u00f3 los siete pilares del Plan de Choque 2030, elaborado junto al colectivo <a href=\"https:\/\/guneekosozialista.noblogs.org\/\"><i>Ekosozialista<\/i><\/a>:<\/p>\n<ul>\n<li>Planificaci\u00f3n democr\u00e1tica que corte la l\u00f3gica mercantil<\/li>\n<li>Garant\u00edas para vidas dignas<\/li>\n<li>Centralidad del cuidado<\/li>\n<li>Modelo energ\u00e9tico p\u00fablico-comunitario<\/li>\n<li>Decrecimiento energ\u00e9tico y revisi\u00f3n del modelo industrial<\/li>\n<li>Transporte p\u00fablico sostenible que confronte las grandes infraestructuras<\/li>\n<li>Justicia global centrada en los derechos de los pueblos del Sur<\/li>\n<\/ul>\n<h4>Entre pueblos, transiciones y resistencias.<\/h4>\n<p>En el acto del 10 de mayo en Bilbao, la cuarta intervenci\u00f3n nos llev\u00f3 a una conversaci\u00f3n sincera y afilada entre Breno Bringel (Pacto Ecosocial del Sur) y Gorka Martija (OMAL-Euskal Herria). Frente a un mundo donde los relatos dominantes se apropian de las palabras transici\u00f3n, sostenibilidad o verde, ambas voces tejieron un contrapunto n\u00edtido desde los territorios.<\/p>\n<blockquote><p>\u00abAntes las luchas estaban muy separadas\u00bb, recordaba Breno. \u00abPero hoy la justicia solo se entiende desde la integralidad de alternativas\u00bb. En su intervenci\u00f3n, subray\u00f3 c\u00f3mo las comunidades ya no esperan a 2050: \u00abLa transici\u00f3n ecosocial no es un futuro, es una pr\u00e1ctica viva en barrios, en pueblos, en la vida cotidiana\u00bb. Desde las redes de agroecolog\u00eda a las comunidades energ\u00e9ticas, pasando por la vivienda cooperativa y el cuidado compartido, \u00abson proyectos que disputan no solo el modelo, sino el sentido de vida\u00bb.<\/p><\/blockquote>\n<p>Gorka Martija, por su parte, fue claro: \u00abLa agenda institucional aqu\u00ed no difiere tanto del resto del Estado: se ha asumido el capitalismo verde oliva y digital\u00bb. Denunci\u00f3 con contundencia que \u00abproyectos presentados como sostenibles son puro cementazo, ocultos tras palabras como movilidad o Agenda 2030\u00bb. Y se\u00f1al\u00f3 un riesgo estructural: que la desmercantilizaci\u00f3n no est\u00e9 en el centro real del proceso.<\/p>\n<p>Ambos coincidieron en que las resistencias territoriales, en Euskal Herria y en Am\u00e9rica Latina, son hoy l\u00edneas de defensa y de horizonte. \u00abLo local debe ser tambi\u00e9n internacionalista\u00bb, dijo Breno. Gorka cerr\u00f3 con una urgencia compartida: \u00abHace falta un debate sereno y estrat\u00e9gico dentro de los movimientos populares, sindicales y ecologistas\u00bb. Porque solo as\u00ed, tejidas desde abajo, podr\u00e1n ser justas las transiciones.<\/p>\n","protected":false},"excerpt":{"rendered":"<p>No todos los d\u00edas una sala en el centro de Bilbao se convierte en epicentro de narrativas inc\u00f3modas. El pasado s\u00e1bado 10 de mayo, el Hika Ateneo acogi\u00f3 un acto p\u00fablico tan necesario como urgente: una mesa de di\u00e1logo sobre transiciones ecosociales justas. Desde Brasil a Val\u00e8ncia, desde Catalu\u00f1a a Euskal Herria, cuatro voces abrieron grietas en el relato dominante. Y lo hicieron con cuerpo, con memoria, con propuestas y con rebeld\u00eda.<\/p>\n","protected":false},"author":11,"featured_media":42917,"comment_status":"closed","ping_status":"closed","sticky":false,"template":"","format":"standard","meta":{"_acf_changed":false,"_price":"","_stock":"","_tribe_ticket_header":"","_tribe_default_ticket_provider":"","_tribe_ticket_capacity":"0","_ticket_start_date":"","_ticket_end_date":"","_tribe_ticket_show_description":"","_tribe_ticket_show_not_going":false,"_tribe_ticket_use_global_stock":"","_tribe_ticket_global_stock_level":"","_global_stock_mode":"","_global_stock_cap":"","_tribe_rsvp_for_event":"","_tribe_ticket_going_count":"","_tribe_ticket_not_going_count":"","_tribe_tickets_list":"[]","_tribe_ticket_has_attendee_info_fields":false,"footnotes":""},"categories":[2],"tags":[1117,1116,1118,1119,1120,1115],"class_list":["post-42803","post","type-post","status-publish","format-standard","has-post-thumbnail","hentry","category-noticias","tag-breno-bringel","tag-empar-puchades","tag-gorka-martija","tag-natalia-riera","tag-transiciones-ecosociales-justas","tag-xxxvii-asamblea-entrepueblos"],"acf":[],"yoast_head":"<!-- This site is optimized with the Yoast SEO plugin v25.0 - https:\/\/yoast.com\/wordpress\/plugins\/seo\/ -->\n<title>Cr\u00f3nica desde el Hika Ateneo: cuando los territorios hablan, el relato se mueve - Entrepueblos<\/title>\n<meta name=\"description\" content=\"Cr\u00f3nica del acto p\u00fablico de la XXXVII Asamblea de Entrepueblos en Bilbao\" \/>\n<meta name=\"robots\" content=\"index, follow, max-snippet:-1, max-image-preview:large, max-video-preview:-1\" \/>\n<link rel=\"canonical\" href=\"https:\/\/www.entrepueblos.org\/repositoriweb\/cronica-desde-el-hika-ateneo\/\" \/>\n<meta property=\"og:locale\" content=\"es_ES\" \/>\n<meta property=\"og:type\" content=\"article\" \/>\n<meta property=\"og:title\" content=\"Cr\u00f3nica desde el Hika Ateneo: cuando los territorios hablan, el relato se mueve - Entrepueblos\" \/>\n<meta property=\"og:description\" content=\"Cr\u00f3nica del acto p\u00fablico de la XXXVII Asamblea de Entrepueblos en Bilbao\" \/>\n<meta property=\"og:url\" content=\"https:\/\/www.entrepueblos.org\/repositoriweb\/cronica-desde-el-hika-ateneo\/\" \/>\n<meta property=\"og:site_name\" content=\"Entrepueblos\" \/>\n<meta property=\"article:published_time\" content=\"2025-05-22T00:15:59+00:00\" \/>\n<meta property=\"article:modified_time\" content=\"2025-05-22T00:26:08+00:00\" \/>\n<meta property=\"og:image\" content=\"https:\/\/www.entrepueblos.org\/repositoriweb\/wp-content\/uploads\/2025\/05\/photo_2025-05-22-01.57.33.jpeg\" \/>\n\t<meta property=\"og:image:width\" content=\"1280\" \/>\n\t<meta property=\"og:image:height\" content=\"960\" \/>\n\t<meta property=\"og:image:type\" content=\"image\/jpeg\" \/>\n<meta name=\"author\" content=\"Edita\" \/>\n<meta name=\"twitter:card\" content=\"summary_large_image\" \/>\n<meta name=\"twitter:label1\" content=\"Escrito por\" \/>\n\t<meta name=\"twitter:data1\" content=\"Edita\" \/>\n\t<meta name=\"twitter:label2\" content=\"Tiempo de lectura\" \/>\n\t<meta name=\"twitter:data2\" content=\"11 minutos\" \/>\n<script type=\"application\/ld+json\" class=\"yoast-schema-graph\">{\"@context\":\"https:\/\/schema.org\",\"@graph\":[{\"@type\":\"WebPage\",\"@id\":\"https:\/\/www.entrepueblos.org\/repositoriweb\/cronica-desde-el-hika-ateneo\/\",\"url\":\"https:\/\/www.entrepueblos.org\/repositoriweb\/cronica-desde-el-hika-ateneo\/\",\"name\":\"Cr\u00f3nica desde el Hika Ateneo: cuando los territorios hablan, el relato se mueve - Entrepueblos\",\"isPartOf\":{\"@id\":\"https:\/\/www.entrepueblos.org\/repositoriweb\/#website\"},\"primaryImageOfPage\":{\"@id\":\"https:\/\/www.entrepueblos.org\/repositoriweb\/cronica-desde-el-hika-ateneo\/#primaryimage\"},\"image\":{\"@id\":\"https:\/\/www.entrepueblos.org\/repositoriweb\/cronica-desde-el-hika-ateneo\/#primaryimage\"},\"thumbnailUrl\":\"https:\/\/www.entrepueblos.org\/repositoriweb\/wp-content\/uploads\/2025\/05\/photo_2025-05-22-01.57.33.jpeg\",\"datePublished\":\"2025-05-22T00:15:59+00:00\",\"dateModified\":\"2025-05-22T00:26:08+00:00\",\"author\":{\"@id\":\"https:\/\/www.entrepueblos.org\/repositoriweb\/#\/schema\/person\/640c666bfc5d74b6c591aa02c5268f78\"},\"description\":\"Cr\u00f3nica del acto p\u00fablico de la XXXVII Asamblea de Entrepueblos en Bilbao\",\"breadcrumb\":{\"@id\":\"https:\/\/www.entrepueblos.org\/repositoriweb\/cronica-desde-el-hika-ateneo\/#breadcrumb\"},\"inLanguage\":\"es\",\"potentialAction\":[{\"@type\":\"ReadAction\",\"target\":[\"https:\/\/www.entrepueblos.org\/repositoriweb\/cronica-desde-el-hika-ateneo\/\"]}]},{\"@type\":\"ImageObject\",\"inLanguage\":\"es\",\"@id\":\"https:\/\/www.entrepueblos.org\/repositoriweb\/cronica-desde-el-hika-ateneo\/#primaryimage\",\"url\":\"https:\/\/www.entrepueblos.org\/repositoriweb\/wp-content\/uploads\/2025\/05\/photo_2025-05-22-01.57.33.jpeg\",\"contentUrl\":\"https:\/\/www.entrepueblos.org\/repositoriweb\/wp-content\/uploads\/2025\/05\/photo_2025-05-22-01.57.33.jpeg\",\"width\":1280,\"height\":960},{\"@type\":\"BreadcrumbList\",\"@id\":\"https:\/\/www.entrepueblos.org\/repositoriweb\/cronica-desde-el-hika-ateneo\/#breadcrumb\",\"itemListElement\":[{\"@type\":\"ListItem\",\"position\":1,\"name\":\"Portada\",\"item\":\"https:\/\/www.entrepueblos.org\/repositoriweb\/\"},{\"@type\":\"ListItem\",\"position\":2,\"name\":\"Cr\u00f3nica desde el Hika Ateneo: cuando los territorios hablan, el relato se mueve\"}]},{\"@type\":\"WebSite\",\"@id\":\"https:\/\/www.entrepueblos.org\/repositoriweb\/#website\",\"url\":\"https:\/\/www.entrepueblos.org\/repositoriweb\/\",\"name\":\"Entrepueblos\",\"description\":\"Cooperaci\u00f3n pueblo a pueblo\",\"potentialAction\":[{\"@type\":\"SearchAction\",\"target\":{\"@type\":\"EntryPoint\",\"urlTemplate\":\"https:\/\/www.entrepueblos.org\/repositoriweb\/?s={search_term_string}\"},\"query-input\":{\"@type\":\"PropertyValueSpecification\",\"valueRequired\":true,\"valueName\":\"search_term_string\"}}],\"inLanguage\":\"es\"},{\"@type\":\"Person\",\"@id\":\"https:\/\/www.entrepueblos.org\/repositoriweb\/#\/schema\/person\/640c666bfc5d74b6c591aa02c5268f78\",\"name\":\"Edita\",\"url\":\"https:\/\/www.entrepueblos.org\/repositoriweb\/author\/edita\/\"}]}<\/script>\n<!-- \/ Yoast SEO plugin. -->","yoast_head_json":{"title":"Cr\u00f3nica desde el Hika Ateneo: cuando los territorios hablan, el relato se mueve - Entrepueblos","description":"Cr\u00f3nica del acto p\u00fablico de la XXXVII Asamblea de Entrepueblos en Bilbao","robots":{"index":"index","follow":"follow","max-snippet":"max-snippet:-1","max-image-preview":"max-image-preview:large","max-video-preview":"max-video-preview:-1"},"canonical":"https:\/\/www.entrepueblos.org\/repositoriweb\/cronica-desde-el-hika-ateneo\/","og_locale":"es_ES","og_type":"article","og_title":"Cr\u00f3nica desde el Hika Ateneo: cuando los territorios hablan, el relato se mueve - Entrepueblos","og_description":"Cr\u00f3nica del acto p\u00fablico de la XXXVII Asamblea de Entrepueblos en Bilbao","og_url":"https:\/\/www.entrepueblos.org\/repositoriweb\/cronica-desde-el-hika-ateneo\/","og_site_name":"Entrepueblos","article_published_time":"2025-05-22T00:15:59+00:00","article_modified_time":"2025-05-22T00:26:08+00:00","og_image":[{"width":1280,"height":960,"url":"https:\/\/www.entrepueblos.org\/repositoriweb\/wp-content\/uploads\/2025\/05\/photo_2025-05-22-01.57.33.jpeg","type":"image\/jpeg"}],"author":"Edita","twitter_card":"summary_large_image","twitter_misc":{"Escrito por":"Edita","Tiempo de lectura":"11 minutos"},"schema":{"@context":"https:\/\/schema.org","@graph":[{"@type":"WebPage","@id":"https:\/\/www.entrepueblos.org\/repositoriweb\/cronica-desde-el-hika-ateneo\/","url":"https:\/\/www.entrepueblos.org\/repositoriweb\/cronica-desde-el-hika-ateneo\/","name":"Cr\u00f3nica desde el Hika Ateneo: cuando los territorios hablan, el relato se mueve - Entrepueblos","isPartOf":{"@id":"https:\/\/www.entrepueblos.org\/repositoriweb\/#website"},"primaryImageOfPage":{"@id":"https:\/\/www.entrepueblos.org\/repositoriweb\/cronica-desde-el-hika-ateneo\/#primaryimage"},"image":{"@id":"https:\/\/www.entrepueblos.org\/repositoriweb\/cronica-desde-el-hika-ateneo\/#primaryimage"},"thumbnailUrl":"https:\/\/www.entrepueblos.org\/repositoriweb\/wp-content\/uploads\/2025\/05\/photo_2025-05-22-01.57.33.jpeg","datePublished":"2025-05-22T00:15:59+00:00","dateModified":"2025-05-22T00:26:08+00:00","author":{"@id":"https:\/\/www.entrepueblos.org\/repositoriweb\/#\/schema\/person\/640c666bfc5d74b6c591aa02c5268f78"},"description":"Cr\u00f3nica del acto p\u00fablico de la XXXVII Asamblea de Entrepueblos en Bilbao","breadcrumb":{"@id":"https:\/\/www.entrepueblos.org\/repositoriweb\/cronica-desde-el-hika-ateneo\/#breadcrumb"},"inLanguage":"es","potentialAction":[{"@type":"ReadAction","target":["https:\/\/www.entrepueblos.org\/repositoriweb\/cronica-desde-el-hika-ateneo\/"]}]},{"@type":"ImageObject","inLanguage":"es","@id":"https:\/\/www.entrepueblos.org\/repositoriweb\/cronica-desde-el-hika-ateneo\/#primaryimage","url":"https:\/\/www.entrepueblos.org\/repositoriweb\/wp-content\/uploads\/2025\/05\/photo_2025-05-22-01.57.33.jpeg","contentUrl":"https:\/\/www.entrepueblos.org\/repositoriweb\/wp-content\/uploads\/2025\/05\/photo_2025-05-22-01.57.33.jpeg","width":1280,"height":960},{"@type":"BreadcrumbList","@id":"https:\/\/www.entrepueblos.org\/repositoriweb\/cronica-desde-el-hika-ateneo\/#breadcrumb","itemListElement":[{"@type":"ListItem","position":1,"name":"Portada","item":"https:\/\/www.entrepueblos.org\/repositoriweb\/"},{"@type":"ListItem","position":2,"name":"Cr\u00f3nica desde el Hika Ateneo: cuando los territorios hablan, el relato se mueve"}]},{"@type":"WebSite","@id":"https:\/\/www.entrepueblos.org\/repositoriweb\/#website","url":"https:\/\/www.entrepueblos.org\/repositoriweb\/","name":"Entrepueblos","description":"Cooperaci\u00f3n pueblo a pueblo","potentialAction":[{"@type":"SearchAction","target":{"@type":"EntryPoint","urlTemplate":"https:\/\/www.entrepueblos.org\/repositoriweb\/?s={search_term_string}"},"query-input":{"@type":"PropertyValueSpecification","valueRequired":true,"valueName":"search_term_string"}}],"inLanguage":"es"},{"@type":"Person","@id":"https:\/\/www.entrepueblos.org\/repositoriweb\/#\/schema\/person\/640c666bfc5d74b6c591aa02c5268f78","name":"Edita","url":"https:\/\/www.entrepueblos.org\/repositoriweb\/author\/edita\/"}]}},"_links":{"self":[{"href":"https:\/\/www.entrepueblos.org\/repositoriweb\/wp-json\/wp\/v2\/posts\/42803","targetHints":{"allow":["GET"]}}],"collection":[{"href":"https:\/\/www.entrepueblos.org\/repositoriweb\/wp-json\/wp\/v2\/posts"}],"about":[{"href":"https:\/\/www.entrepueblos.org\/repositoriweb\/wp-json\/wp\/v2\/types\/post"}],"author":[{"embeddable":true,"href":"https:\/\/www.entrepueblos.org\/repositoriweb\/wp-json\/wp\/v2\/users\/11"}],"replies":[{"embeddable":true,"href":"https:\/\/www.entrepueblos.org\/repositoriweb\/wp-json\/wp\/v2\/comments?post=42803"}],"version-history":[{"count":5,"href":"https:\/\/www.entrepueblos.org\/repositoriweb\/wp-json\/wp\/v2\/posts\/42803\/revisions"}],"predecessor-version":[{"id":42936,"href":"https:\/\/www.entrepueblos.org\/repositoriweb\/wp-json\/wp\/v2\/posts\/42803\/revisions\/42936"}],"wp:featuredmedia":[{"embeddable":true,"href":"https:\/\/www.entrepueblos.org\/repositoriweb\/wp-json\/wp\/v2\/media\/42917"}],"wp:attachment":[{"href":"https:\/\/www.entrepueblos.org\/repositoriweb\/wp-json\/wp\/v2\/media?parent=42803"}],"wp:term":[{"taxonomy":"category","embeddable":true,"href":"https:\/\/www.entrepueblos.org\/repositoriweb\/wp-json\/wp\/v2\/categories?post=42803"},{"taxonomy":"post_tag","embeddable":true,"href":"https:\/\/www.entrepueblos.org\/repositoriweb\/wp-json\/wp\/v2\/tags?post=42803"}],"curies":[{"name":"wp","href":"https:\/\/api.w.org\/{rel}","templated":true}]}}